{"id":1110,"date":"2022-04-11T08:36:17","date_gmt":"2022-04-11T08:36:17","guid":{"rendered":"https:\/\/www.cossalter.net\/?p=1110"},"modified":"2022-04-19T11:29:52","modified_gmt":"2022-04-19T11:29:52","slug":"brouillon-auto-3","status":"publish","type":"post","link":"https:\/\/www.cossalter.net\/?p=1110","title":{"rendered":"L&#8217;incendio di Notre-Dame de Paris"},"content":{"rendered":"<p>[et_pb_section fb_built=&#8221;1&#8243; _builder_version=&#8221;4.17.0&#8243; _module_preset=&#8221;default&#8221; global_colors_info=&#8221;{}&#8221;][et_pb_row _builder_version=&#8221;4.17.0&#8243; _module_preset=&#8221;default&#8221; global_colors_info=&#8221;{}&#8221;][et_pb_column type=&#8221;4_4&#8243; _builder_version=&#8221;4.17.0&#8243; _module_preset=&#8221;default&#8221; global_colors_info=&#8221;{}&#8221;][et_pb_text _builder_version=&#8221;4.17.0&#8243; _module_preset=&#8221;default&#8221; hover_enabled=&#8221;0&#8243; global_colors_info=&#8221;{}&#8221; sticky_enabled=&#8221;0&#8243;]<\/p>\n<p>L&#8217;incendio di Notre-Dame de Paris \u00e8 un evento spaventoso, che ha molte lezioni per chiunque voglia conoscere il diritto del patrimonio francese. Solleva anche questioni cruciali che vanno ben oltre il quadro della legge francese e possono essere applicate all&#8217;Italia.<br \/>Per prima cosa esamineremo l&#8217;edificio e i danni causati ad esso (1). In secondo luogo, esamineremo alcuni concetti e aspetti legali essenziali per la comprensione dell&#8217;argomento (2), prima di esaminare il contenuto della legge sul restauro di Notre Dame e le questioni che solleva (3).<\/p>\n<h2>1. Notre-Dame de Paris in due Parole<\/h2>\n<p>La Cattedrale di Notre-Dame de Paris fu iniziata sotto l&#8217;impulso del vescovo Maurice de Sully e la sua costruzione va dal 1163 alla met\u00e0 del XIV secolo. La cattedrale originale \u00e8 in stile primo gotico.<br \/>Numerosi lavori di manutenzione e restauro sono stati intrapresi nel corso degli anni, ma il restauro pi\u00f9 importante fu eseguito tra il 1845 e il 1867 dal famoso Eug\u00e8ne Viollet-Leduc, che apport\u00f2 modifiche in stile gotico radioso.<br \/>Questo grande restauro di Notre-Dame aveva gi\u00e0 sollevato grandi questioni sul rispetto dell&#8217;opera originale. Il restauro di Eug\u00e8ne Viollet-Leduc non era infatti fedele all&#8217;opera originale, ma rispondeva piuttosto ad un approccio teorico &#8220;fantasmatico&#8221; da parte del restauratore.<\/p>\n<h2>2. Notre-Dame de Paris: cattedrale di propriet\u00e0 dello Stato<\/h2>\n<p>La Francia \u00e8 uno stato laico. Questo laicismo, che prese gradualmente piede dall&#8217;instaurazione della Terza Repubblica (1875-1840), raggiunse la sua fase pi\u00f9 importante con l&#8217;adozione della legge del 9 dicembre 1905 sulla separazione delle Chiese e dello Stato.<br \/>L&#8217;articolo 1 della legge garantisce la libert\u00e0 di coscienza e di culto. L&#8217;articolo 2 afferma che &#8220;La Repubblica non riconosce, paga o sovvenziona alcuna religione&#8221;.<br \/>Di conseguenza, la propriet\u00e0 appartenente alle persone pubbliche incaricate del culto (gli stabilimenti religiosi pubblici) \u00e8 stata trasferita ad associazioni, persone giuridiche di diritto privato.<br \/>Tuttavia, l&#8217;articolo 12 afferma che<\/p>\n<blockquote>\n<p>&#8220;Gli edifici che sono stati messi a disposizione della nazione e che, in virt\u00f9 della legge del 18 Germinal anno X, sono utilizzati per l&#8217;esercizio pubblico del culto o l&#8217;alloggio dei loro ministri (cattedrali, chiese, cappelle, templi, sinagoghe, arcivescovadi, vescovadi, presbiteri, seminari), cos\u00ec come le loro dipendenze immobili e gli oggetti mobili che li arredavano al momento della consegna dei suddetti edifici ai culti, sono e rimangono propriet\u00e0 dello Stato, dei dipartimenti, dei comuni e degli stabilimenti pubblici di cooperazione intercomunale che hanno assunto la competenza in materia di edifici dei culti.<br \/>Per questi edifici, come per quelli successivi alla legge del 18 Germinal Anno X, di cui sono proprietari lo Stato, i dipartimenti e i comuni, comprese le facolt\u00e0 teologiche protestanti, si proceder\u00e0 secondo le disposizioni dei seguenti articoli&#8221;.<\/p>\n<\/blockquote>\n<p style=\"text-align: justify;\">La legge del 18 Germinal Anno X secondo il calendario rivoluzionario (8 aprile 1802 nel calendario gregoriano) ratific\u00f2 l&#8217;accordo tra Francia e Santa Sede conosciuto come Concordato. In cambio dell&#8217;abbandono delle propriet\u00e0 della chiesa che erano state vendute dal 1790, lo Stato garantiva una remunerazione adeguata a vescovi e parroci.<br \/>Le chiese e le cattedrali, che erano diventate propriet\u00e0 dello Stato e dei comuni dopo la Rivoluzione Francese, rimanevano di loro propriet\u00e0 ma lo Stato si impegnava a metterle a disposizione dei parroci e dei vescovi.<br \/>La legge del 1905, che perpetua le disposizioni della legge del 1802 e del Concordato per quanto riguarda i beni immobili, afferma quindi che le cattedrali sono propriet\u00e0 dello Stato e le chiese sono propriet\u00e0 dei comuni.<br \/>Notre-Dame de Paris non fa eccezione: \u00e8 propriet\u00e0 dello Stato francese.<\/p>\n<h2 style=\"text-align: justify;\">3. Notre-Dame fa parte del dominio pubblico<\/h2>\n<p>&nbsp;<\/p>\n<h2 style=\"text-align: justify;\">4. Notre-Dame \u00e8 un monumento storico<\/h2>\n<p style=\"text-align: justify;\">La protezione dei monumenti storici \u00e8, per lo Stato, una preoccupazione che risale al primo terzo del XIX secolo ma la legge principale sulla protezione dei monumenti storici risale alla legge del 31 dicembre 1913 sui monumenti storici.<\/p>\n<h2>5. La legge del 29 luglio 2019<\/h2>\n<p>Dopo l&#8217;incendio di Notre-Dame, il Parlamento ha rapidamente approvato la legge n. 2019-803 del 29 luglio 2019 per la conservazione e il restauro della Cattedrale di Notre-Dame a Parigi e che istituisce una sottoscrizione nazionale a tale scopo.<br \/>Questa legge ha un duplice interesse: da un lato prevede un&#8217;operazione di finanziamento pubblico su larga scala e dall&#8217;altro organizza il completamento accelerato dell&#8217;opera.<\/p>\n<p>\u00a0Conseil d&#8217;Etat, Avis, 297863 du 23 avril 2019 : https:\/\/www.legifrance.gouv.fr\/contenu\/Media\/Files\/autour-de-la-loi\/legislatif-et-reglementaire\/avis-du-ce\/2019\/avis_ce_micx1911677l_pjl_restauration_et_conservation_notre-dame_cm_24.04.2019.pdf<\/p>\n<h3>4.1 La legge del 29 luglio 2019 e le donazioni<\/h3>\n<h3>4.2 La legge del 29 luglio 2019 e la ricostruzione accelerata di Notre-Dame<\/h3>\n<p>Come si legge spesso, la politica contemporanea non \u00e8 una questione di tempo. La legge del 29 luglio 2019 ne \u00e8 una nuova illustrazione. Emmanuel Macron, Presidente della Repubblica, voleva che i lavori di restauro di Notre-Dame fossero completati entro il tempo eccezionalmente breve di 5 anni. Per farlo, voleva rinunciare a tutte le leggi che potevano rallentare il processo.<\/p>\n<p>Come nota Marie Cornu, \u00e8 il valore eccezionale di certe propriet\u00e0 che giustifica il loro trattamento come monumenti storici o patrimoni nazionali e l&#8217;applicazione di una legislazione particolarmente protettiva. Qui questi elementi fondamentali della protezione sono trattati come veri e propri ostacoli ad un restauro la cui velocit\u00e0 sarebbe l&#8217;aspetto pi\u00f9 importante (Marie Cornu, &#8220;Le temps du droit, le temps des pierres. \u00c0 propos de Notre Dame de Paris, le roman l\u00e9gislatif&#8217;, Droit et soci\u00e9t\u00e9 (blog), 9 settembre 2019, https:\/\/ds.hypotheses.org\/6263).<br \/>Naturalmente la velocit\u00e0 del restauro non \u00e8 affatto rilevante per la protezione del patrimonio architettonico, per quanto scioccante sia stato l&#8217;incendio a cui tutto il mondo ha assistito.<\/p>\n<p>[\/et_pb_text][\/et_pb_column][\/et_pb_row][\/et_pb_section]<\/p>\n","protected":false},"excerpt":{"rendered":"<p>L&#8217;incendio di Notre-Dame de Paris \u00e8 un evento spaventoso, che ha molte lezioni per chiunque voglia conoscere il diritto del patrimonio francese. Solleva anche questioni cruciali che vanno ben oltre il quadro della legge francese e possono essere applicate all&#8217;Italia.Per prima cosa esamineremo l&#8217;edificio e i danni causati ad esso (1). In secondo luogo, esamineremo [&hellip;]<\/p>\n","protected":false},"author":2,"featured_media":0,"comment_status":"closed","ping_status":"closed","sticky":false,"template":"","format":"standard","meta":{"_et_pb_use_builder":"on","_et_pb_old_content":"","_et_gb_content_width":"","footnotes":""},"categories":[1],"tags":[],"class_list":["post-1110","post","type-post","status-publish","format-standard","hentry","category-non-classe"],"_links":{"self":[{"href":"https:\/\/www.cossalter.net\/index.php?rest_route=\/wp\/v2\/posts\/1110","targetHints":{"allow":["GET"]}}],"collection":[{"href":"https:\/\/www.cossalter.net\/index.php?rest_route=\/wp\/v2\/posts"}],"about":[{"href":"https:\/\/www.cossalter.net\/index.php?rest_route=\/wp\/v2\/types\/post"}],"author":[{"embeddable":true,"href":"https:\/\/www.cossalter.net\/index.php?rest_route=\/wp\/v2\/users\/2"}],"replies":[{"embeddable":true,"href":"https:\/\/www.cossalter.net\/index.php?rest_route=%2Fwp%2Fv2%2Fcomments&post=1110"}],"version-history":[{"count":5,"href":"https:\/\/www.cossalter.net\/index.php?rest_route=\/wp\/v2\/posts\/1110\/revisions"}],"predecessor-version":[{"id":1128,"href":"https:\/\/www.cossalter.net\/index.php?rest_route=\/wp\/v2\/posts\/1110\/revisions\/1128"}],"wp:attachment":[{"href":"https:\/\/www.cossalter.net\/index.php?rest_route=%2Fwp%2Fv2%2Fmedia&parent=1110"}],"wp:term":[{"taxonomy":"category","embeddable":true,"href":"https:\/\/www.cossalter.net\/index.php?rest_route=%2Fwp%2Fv2%2Fcategories&post=1110"},{"taxonomy":"post_tag","embeddable":true,"href":"https:\/\/www.cossalter.net\/index.php?rest_route=%2Fwp%2Fv2%2Ftags&post=1110"}],"curies":[{"name":"wp","href":"https:\/\/api.w.org\/{rel}","templated":true}]}}