{"id":199,"date":"2008-12-18T23:58:48","date_gmt":"2008-12-18T23:58:48","guid":{"rendered":"http:\/\/cossalter.net\/?p=199"},"modified":"2011-12-28T17:10:25","modified_gmt":"2011-12-28T17:10:25","slug":"lalinea-9-du-preambule-de-la-constitution-de-1946","status":"publish","type":"post","link":"https:\/\/www.cossalter.net\/?p=199","title":{"rendered":"L&#8217;alin\u00e9a 9 du Pr\u00e9ambule de la Constitution de 1946"},"content":{"rendered":"<p><a href=\"http:\/\/cossalter.net\/wp-content\/uploads\/2011\/12\/couv-preambule.jpg\"><img loading=\"lazy\" decoding=\"async\" class=\"alignleft size-thumbnail wp-image-201\" title=\"couv-pr\u00e9ambule.qxp\" src=\"http:\/\/cossalter.net\/wp-content\/uploads\/2011\/12\/couv-preambule-150x150.jpg\" alt=\"\" width=\"150\" height=\"150\" srcset=\"https:\/\/www.cossalter.net\/wp-content\/uploads\/2011\/12\/couv-preambule-150x150.jpg 150w, https:\/\/www.cossalter.net\/wp-content\/uploads\/2011\/12\/couv-preambule-110x110.jpg 110w, https:\/\/www.cossalter.net\/wp-content\/uploads\/2011\/12\/couv-preambule-50x50.jpg 50w\" sizes=\"(max-width: 150px) 100vw, 150px\" \/><\/a>Parution le 18 d\u00e9cembre 2008 de l&#8217;ouvrage :\u00a0Le pr\u00e9ambule de la Constitution de 1946, aux \u00e9ditions Panth\u00e9on-Assas (Paris II).<\/p>\n<p>L&#8217;ouvrage est issu d&#8217;un colloque s&#8217;\u00e9tant d\u00e9roul\u00e9 le 1er juin 2007 \u00e0 l&#8217;Universit\u00e9 Panth\u00e9on-Assas (Paris II).<\/p>\n<p>Les actes sont publi\u00e9s sous la direction de Monsieur le Professeur Yves Gaudemet.<\/p>\n<p>Voici le programme du colloque dont les actes sont reproduits :<\/p>\n<p><strong><em>10h<\/em><\/strong>\u00a0&#8211;\u00a0<em>Ouverture<\/em>\u00a0:\u00a0<strong>Yves Gaudemet<\/strong>, Professeur \u00e0 l&#8217;Universit\u00e9 Panth\u00e9on-Assas Paris II, Directeur de l&#8217;\u00e9cole doctorale Georges Vedel<br \/>\n&#8211;\u00a0<em>Georges Vedel, lecteur de la Constitution de 1946<\/em>\u00a0:\u00a0<strong>Jean-Jacques Bienvenu<\/strong>, Professeur \u00e0 l&#8217;Universit\u00e9 Panth\u00e9on-Assas<\/p>\n<p><strong><em>10h30 &#8211;\u00a0<span style=\"text-decoration: underline;\">La port\u00e9e du Pr\u00e9ambule<\/span>\u00a0(sous la pr\u00e9sidence du Professeur Yves Gaudemet)<\/em><\/strong><br \/>\n&#8211;\u00a0<em>Le droit d\u00e9claratoire<\/em>\u00a0:\u00a0<strong>Martin Collet<\/strong>, Professeur \u00e0 l&#8217;universit\u00e9 d&#8217;Orl\u00e9ans<br \/>\n&#8211;\u00a0<em>L&#8217;applicabilit\u00e9 directe du Pr\u00e9ambule<\/em>\u00a0:\u00a0<strong>Agn\u00e8s Roblot-Troizier<\/strong>, Ma\u00eetre de conf\u00e9rences \u00e0 l&#8217;Universit\u00e9 Panth\u00e9on Assas Paris II<br \/>\n&#8211;\u00a0<em>Le Pr\u00e9ambule et la loi<\/em>\u00a0:\u00a0<strong>Laeticia Janicot<\/strong>, Ma\u00eetre de conf\u00e9rences \u00e0 l&#8217;Universit\u00e9 Panth\u00e9on Assas Paris II<br \/>\n&#8211;\u00a0<em>Le Pr\u00e9ambule est-il utile au juge administratif ?<\/em>\u00a0:\u00a0<strong>Camille Broyelle<\/strong>, Professeur \u00e0 l&#8217;IEP de Rennes<\/p>\n<p><strong><em>14h &#8211;\u00a0<span style=\"text-decoration: underline;\">Le contenu du Pr\u00e9ambule<\/span>\u00a0(sous la pr\u00e9sidence du Professeur Guillaume Drago)<\/em><\/strong><br \/>\n&#8211;\u00a0<em>Les silences du Pr\u00e9ambule<\/em>\u00a0:\u00a0<strong>Beno\u00eet Plessix<\/strong>, Professeur \u00e0 l&#8217;Universit\u00e9 de Nancy 2<br \/>\n&#8211;\u00a0<em>Les principes du Pr\u00e9ambule sony-il toujours n\u00e9cessaires \u00e0 notre temps ?<\/em>\u00a0:\u00a0<strong>Jean-Gabriel Sorbara<\/strong>, Ma\u00eetre de conf\u00e9rences \u00e0 l&#8217;Universit\u00e9 de Bourgogne<br \/>\n&#8211;\u00a0<em>Le Pr\u00e9ambule et la participation \u00e0 la construction europ\u00e9enne<\/em>\u00a0:\u00a0<strong>Delphine D\u00e9ro-Bugny<\/strong>, Ma\u00eetre de conf\u00e9rences \u00e0 l&#8217;Universit\u00e9 Panth\u00e9on Assas Paris II<br \/>\n&#8211;\u00a0<em>Le droit au logement opposable d\u00e9coule-t-il de l&#8217;ali\u00e9an premier du Pr\u00e9ambule ?<\/em>\u00a0:\u00a0<strong>Charlotte Denizeau<\/strong>, Ma\u00eetre de conf\u00e9rences \u00e0 l&#8217;Universit\u00e9 Panth\u00e9on Assas Paris II<br \/>\n&#8211;\u00a0<em>Le droit de gr\u00e8ve dans les fonctions publiques europ\u00e9ennes<\/em>\u00a0:\u00a0<strong>Lucie Cluzel-M\u00e9tayer<\/strong>, Ma\u00eetre de conf\u00e9rences \u00e0 l&#8217;Universit\u00e9 Panth\u00e9on Assas Paris II<br \/>\n&#8211;\u00a0<em>L&#8217;alin\u00e9a 9 du Pr\u00e9ambule<\/em>\u00a0:\u00a0<strong>Philippe Cossalter<\/strong>, Ma\u00eetre de conf\u00e9rences \u00e0 l&#8217;Universit\u00e9 Panth\u00e9on Assas Paris II<br \/>\n&#8211;\u00a0<em>L&#8217;alin\u00e9a 12 du Pr\u00e9ambule<\/em>\u00a0:\u00a0<strong>Charles Dubreuil<\/strong>, Ma\u00eetre de conf\u00e9rences \u00e0 l&#8217;Universit\u00e9 du Maine<br \/>\n17h15<br \/>\n&#8211;\u00a0<em>Conclusion<\/em>\u00a0:\u00a0<strong>Olivier Gohin<\/strong>, Professeur \u00e0 l&#8217;Universit\u00e9 Panth\u00e9on Assas Paris II<\/p>\n<p align=\"center\">***<\/p>\n<p>Plan de mon intervention :<\/p>\n<h3>I. L\u2019alin\u00e9a 9 : une port\u00e9e limit\u00e9e<\/h3>\n<h4>A.\/ La limitation de l\u2019objet de l\u2019alin\u00e9a 9<\/h4>\n<h5>1) L\u2019absence d\u2019effet sur les nationalisations<\/h5>\n<h5>2) L\u2019effet limit\u00e9 sur les privatisations<\/h5>\n<p>a) Le service public national<br \/>\nb) Le monopole de fait<br \/>\ni) Monopole de fait, monopole l\u00e9gal et monopole naturel<br \/>\nii) Monopole de fait et march\u00e9 pertinent<\/p>\n<h4>B.\/ La disparition de l\u2019objet de l\u2019alin\u00e9a 9<\/h4>\n<h5>1) La disparition par la dispersion territoriale<\/h5>\n<h5>2) La disparition par la concurrence<\/h5>\n<h3>II. L\u2019alin\u00e9a 9 : un objet d\u00e9pass\u00e9<\/h3>\n<h4>A.\/ L\u2019affaiblissement de l\u2019int\u00e9r\u00eat de contr\u00f4ler le caract\u00e8re public de la propri\u00e9t\u00e9<\/h4>\n<h5>1) Les limites \u00e0 la constitution des grandes puissances \u00e9conomiques priv\u00e9es<\/h5>\n<h5>2) La remise en cause des effets vertueux de la propri\u00e9t\u00e9 publique<\/h5>\n<h4>B.\/ L\u2019affaiblissement de l\u2019int\u00e9r\u00eat de contr\u00f4ler la propri\u00e9t\u00e9<\/h4>\n<h5>1) L\u2019indiff\u00e9rence des services publics pour la propri\u00e9t\u00e9<\/h5>\n<p>a) Propri\u00e9t\u00e9 publique et secteur priv\u00e9<br \/>\nb) Propri\u00e9t\u00e9 priv\u00e9e et fonctions de\u00a0souverainet\u00e9<\/p>\n<h5>2) L\u2019autonomie de la propri\u00e9t\u00e9 et du service public<\/h5>\n","protected":false},"excerpt":{"rendered":"<p>Parution le 18 d\u00e9cembre 2008 de l&#8217;ouvrage :\u00a0Le pr\u00e9ambule de la Constitution de 1946, aux \u00e9ditions Panth\u00e9on-Assas (Paris II). L&#8217;ouvrage est issu d&#8217;un colloque s&#8217;\u00e9tant d\u00e9roul\u00e9 le 1er juin 2007 \u00e0 l&#8217;Universit\u00e9 Panth\u00e9on-Assas (Paris II). Les actes sont publi\u00e9s sous la direction de Monsieur le Professeur Yves Gaudemet. Voici le programme du colloque dont les [&hellip;]<\/p>\n","protected":false},"author":2,"featured_media":201,"comment_status":"open","ping_status":"open","sticky":false,"template":"","format":"standard","meta":{"_et_pb_use_builder":"","_et_pb_old_content":"","_et_gb_content_width":"","footnotes":""},"categories":[59,51,58],"tags":[61,134,60],"class_list":["post-199","post","type-post","status-publish","format-standard","has-post-thumbnail","hentry","category-intervention","category-publications","category-travaux","tag-alinea-9-du-preambule-de-1946","tag-droit-constitutionnel","tag-preambule-de-1946"],"_links":{"self":[{"href":"https:\/\/www.cossalter.net\/index.php?rest_route=\/wp\/v2\/posts\/199","targetHints":{"allow":["GET"]}}],"collection":[{"href":"https:\/\/www.cossalter.net\/index.php?rest_route=\/wp\/v2\/posts"}],"about":[{"href":"https:\/\/www.cossalter.net\/index.php?rest_route=\/wp\/v2\/types\/post"}],"author":[{"embeddable":true,"href":"https:\/\/www.cossalter.net\/index.php?rest_route=\/wp\/v2\/users\/2"}],"replies":[{"embeddable":true,"href":"https:\/\/www.cossalter.net\/index.php?rest_route=%2Fwp%2Fv2%2Fcomments&post=199"}],"version-history":[{"count":4,"href":"https:\/\/www.cossalter.net\/index.php?rest_route=\/wp\/v2\/posts\/199\/revisions"}],"predecessor-version":[{"id":243,"href":"https:\/\/www.cossalter.net\/index.php?rest_route=\/wp\/v2\/posts\/199\/revisions\/243"}],"wp:featuredmedia":[{"embeddable":true,"href":"https:\/\/www.cossalter.net\/index.php?rest_route=\/wp\/v2\/media\/201"}],"wp:attachment":[{"href":"https:\/\/www.cossalter.net\/index.php?rest_route=%2Fwp%2Fv2%2Fmedia&parent=199"}],"wp:term":[{"taxonomy":"category","embeddable":true,"href":"https:\/\/www.cossalter.net\/index.php?rest_route=%2Fwp%2Fv2%2Fcategories&post=199"},{"taxonomy":"post_tag","embeddable":true,"href":"https:\/\/www.cossalter.net\/index.php?rest_route=%2Fwp%2Fv2%2Ftags&post=199"}],"curies":[{"name":"wp","href":"https:\/\/api.w.org\/{rel}","templated":true}]}}