{"id":263,"date":"2011-06-15T13:25:42","date_gmt":"2011-06-15T13:25:42","guid":{"rendered":"http:\/\/cossalter.net\/?p=263"},"modified":"2011-12-31T13:38:20","modified_gmt":"2011-12-31T13:38:20","slug":"la-societe-publique-locale-un-outil-repandu-en-europe","status":"publish","type":"post","link":"https:\/\/www.cossalter.net\/?p=263","title":{"rendered":"La soci\u00e9t\u00e9 publique locale : un outil r\u00e9pandu en Europe"},"content":{"rendered":"<p>Cet article est issu d&#8217;un colloque organis\u00e9 par le Master II Juriste Conseil des collectivit\u00e9s territoriales de l&#8217;Universit\u00e9 Panth\u00e9on-Assas Paris II. <a href=\"http:\/\/cossalter.net\/wp-content\/uploads\/2011\/12\/colloque_paris_20110303.pdf\" target=\"_blank\">V. le programme<\/a>\u00a0et intitul\u00e9\u00a0\u00a0&#8220;La soci\u00e9t\u00e9 publique locale, un nouvel outil de gestion des services publics locaux&#8221;.<\/p>\n<p>Cet article part du constat que le r\u00e9gime des SPL en France est un montage de circonstances, pour \u00e9viter aux SEM (transform\u00e9es) toute proc\u00e9dure de publicit\u00e9 et de mise en concurrence. Il \u00e9tait temps qu&#8217;il exist\u00e2t une telle cat\u00e9gorie de soci\u00e9t\u00e9s locales \u00e0 capital public exclusif. Mais le r\u00e9gime des SPL n&#8217;a pas \u00e9t\u00e9 r\u00e9fl\u00e9chi, et de nombreuses difficult\u00e9s pourraient se poser \u00e0 l&#8217;avenir.<\/p>\n<p><a href=\"http:\/\/cossalter.net\/wp-content\/uploads\/2011\/06\/RDP20113.jpg\"><img loading=\"lazy\" decoding=\"async\" class=\"alignleft size-thumbnail wp-image-267\" title=\"RDP20113\" src=\"http:\/\/cossalter.net\/wp-content\/uploads\/2011\/06\/RDP20113-150x150.jpg\" alt=\"\" width=\"150\" height=\"150\" srcset=\"https:\/\/www.cossalter.net\/wp-content\/uploads\/2011\/06\/RDP20113-150x150.jpg 150w, https:\/\/www.cossalter.net\/wp-content\/uploads\/2011\/06\/RDP20113-110x110.jpg 110w, https:\/\/www.cossalter.net\/wp-content\/uploads\/2011\/06\/RDP20113-50x50.jpg 50w\" sizes=\"(max-width: 150px) 100vw, 150px\" \/><\/a><\/p>\n","protected":false},"excerpt":{"rendered":"<p>Cet article est issu d&#8217;un colloque organis\u00e9 par le Master II Juriste Conseil des collectivit\u00e9s territoriales de l&#8217;Universit\u00e9 Panth\u00e9on-Assas Paris II. V. le programme\u00a0et intitul\u00e9\u00a0\u00a0&#8220;La soci\u00e9t\u00e9 publique locale, un nouvel outil de gestion des services publics locaux&#8221;. Cet article part du constat que le r\u00e9gime des SPL en France est un montage de circonstances, pour [&hellip;]<\/p>\n","protected":false},"author":2,"featured_media":267,"comment_status":"open","ping_status":"open","sticky":false,"template":"","format":"standard","meta":{"_et_pb_use_builder":"","_et_pb_old_content":"","_et_gb_content_width":"","footnotes":""},"categories":[59,51],"tags":[88,86,87,85],"class_list":["post-263","post","type-post","status-publish","format-standard","has-post-thumbnail","hentry","category-intervention","category-publications","tag-droit-compare","tag-sem","tag-societes-publiques-locales","tag-spl"],"_links":{"self":[{"href":"https:\/\/www.cossalter.net\/index.php?rest_route=\/wp\/v2\/posts\/263","targetHints":{"allow":["GET"]}}],"collection":[{"href":"https:\/\/www.cossalter.net\/index.php?rest_route=\/wp\/v2\/posts"}],"about":[{"href":"https:\/\/www.cossalter.net\/index.php?rest_route=\/wp\/v2\/types\/post"}],"author":[{"embeddable":true,"href":"https:\/\/www.cossalter.net\/index.php?rest_route=\/wp\/v2\/users\/2"}],"replies":[{"embeddable":true,"href":"https:\/\/www.cossalter.net\/index.php?rest_route=%2Fwp%2Fv2%2Fcomments&post=263"}],"version-history":[{"count":4,"href":"https:\/\/www.cossalter.net\/index.php?rest_route=\/wp\/v2\/posts\/263\/revisions"}],"predecessor-version":[{"id":266,"href":"https:\/\/www.cossalter.net\/index.php?rest_route=\/wp\/v2\/posts\/263\/revisions\/266"}],"wp:featuredmedia":[{"embeddable":true,"href":"https:\/\/www.cossalter.net\/index.php?rest_route=\/wp\/v2\/media\/267"}],"wp:attachment":[{"href":"https:\/\/www.cossalter.net\/index.php?rest_route=%2Fwp%2Fv2%2Fmedia&parent=263"}],"wp:term":[{"taxonomy":"category","embeddable":true,"href":"https:\/\/www.cossalter.net\/index.php?rest_route=%2Fwp%2Fv2%2Fcategories&post=263"},{"taxonomy":"post_tag","embeddable":true,"href":"https:\/\/www.cossalter.net\/index.php?rest_route=%2Fwp%2Fv2%2Ftags&post=263"}],"curies":[{"name":"wp","href":"https:\/\/api.w.org\/{rel}","templated":true}]}}