{"id":381,"date":"2012-07-15T22:26:05","date_gmt":"2012-07-15T22:26:05","guid":{"rendered":"http:\/\/cossalter.net\/?p=381"},"modified":"2012-07-21T09:55:42","modified_gmt":"2012-07-21T09:55:42","slug":"20-ans-de-contentieux-administratif-des-contrats-publics-in-florileges-du-droit-public","status":"publish","type":"post","link":"https:\/\/www.cossalter.net\/?p=381","title":{"rendered":"20 ans de contentieux administratif des contrats publics in : Floril\u00e8ges du droit public"},"content":{"rendered":"<p>Article paru dans les floril\u00e8ges du droit public.<\/p>\n<p>Recueil de M\u00e9langes en l\u2019honneur de Jean-Pierre BOIVIN<\/p>\n<p>Institut de Droit Public des Affaires<br \/>\nVingt ans de droit public au barreau de Paris<\/p>\n<p>Pr\u00e9face de Ronny ABRAHAM et Avant-propos par Jean-Pierre FAUG\u00c8RE\u00a0, Paris, \u00c9ditions La M\u00e9moire du Droit 2011, 16 X 24, reliure pleine toile bleue oc\u00e9an, titre dor\u00e9 sur volume en plat et en dos, cahiers cousus, label \u00ab Imprim\u2019vert\u00ae \u00bb, 720 p.<\/p>\n<p>Editeur : \u00c9ditions La M\u00e9moire du Droit (Paris)<\/p>\n<p>I &#8211; Regards impertinents sur l&#8217;action administrative<\/p>\n<p>Yves GAUDEMET, Le crit\u00e8re du droit administratif\u00a0: une question n\u00e9cessaire, une r\u00e9ponse impossible<br \/>\nJean-Marc PEYRICAL, Pavane pour les SEM d\u00e9funtes<br \/>\nDelphine JAAFAR, Les enjeux de la r\u00e9forme de la loi HPST pour le secteur sanitaire public fran\u00e7ais<\/p>\n<p>II &#8211; Acteurs et instruments d&#8217;un contentieux public renouvel\u00e9<br \/>\nSt\u00e9phane BRACONNIER, Le juge administratif et l\u2019arbitrage &#8211; R\u00e9flexions simples sur quelques \u00e9volutions complexes<br \/>\nChristian HUGLO, Droit de l\u2019environnement, Charte de l\u2019environnement &#8211; Question prioritaire de constitutionnalit\u00e9<br \/>\nChristophe LAURENT, Le r\u00e9f\u00e9r\u00e9-libert\u00e9 et la libert\u00e9 d&#8217;entreprendre<br \/>\nDaniel CHABANOL, Actualit\u00e9 du droit de l&#8217;expertise devant le juge administratif<br \/>\nYann AGUILA, Les avocats et le droit public<br \/>\nMichel BAUCOMONT, La qualit\u00e9 d&#8217;exploitant d&#8217;installation class\u00e9e\u00a0: ombres et lumi\u00e8res<br \/>\nGabriel BENESTY, Que reste-t-il du principe de libre choix de l\u2019avocat pour les personnes publiques ?<\/p>\n<p>III &#8211; L&#8217;achat public \u00e0 l&#8217;\u00e9preuve de la contrainte concurrentielle<br \/>\nJean-Jacques ISRAEL, La libert\u00e9 d\u2019acc\u00e8s des personnes publiques \u00e0 la commande publique existe-t-elle ?<br \/>\nFr\u00e9d\u00e9ric ROLIN, Adapt\u00e9e, vous avez dit proc\u00e9dure adapt\u00e9e ?<br \/>\nPhilippe COSSALTER, 20 ans de contentieux administratif des contrats publics\u00a0: permanences et innovations<br \/>\nAymeric HOURCABIE, Les contrats administratifs et le traitement de leur ill\u00e9galit\u00e9 par le juge administratif<br \/>\nYves-Ren\u00e9 GUILLOU, La mise en \u0153uvre de l\u2019action publique par le \u00ab corporate \u00bb une alternative au contrat de partenariat ?<br \/>\nPhilippe DEWAST, La concession de service public\u00a0: renaissance et mondialisation, un instrument au service du d\u00e9veloppement ?<\/p>\n<p>IV &#8211; Concurrence et r\u00e9gulation, d\u00e9lices et poisons d&#8217;une improbable liaison<br \/>\nMichel BAZEX, La r\u00e9gulation, nouvelle dimension de l&#8217;intervention des personnes publiques en mati\u00e8re \u00e9conomique ?<br \/>\nThierry TUOT, Enjeux et perspectives de la r\u00e9gulation du secteur ferroviaire ?<br \/>\nLaurent RICHER, A la recherche de la raison anticoncurrentielle<br \/>\nMarie-H\u00e9l\u00e8ne PACHEN-LEFEVRE, Vers une ouverture \u00e0 la concurrence des concessions de distribution d\u2019\u00e9lectricit\u00e9 ?<br \/>\nRoland VANDERMEEREN, Peut-on transposer en droit interne le syst\u00e8me europ\u00e9en des lignes directrices ?<\/p>\n<p>V &#8211; Pour une action fonci\u00e8re plus efficiente\u00a0: nouveaux regards, nouveaux outils<br \/>\nLaure NGUYEN, Les outils r\u00e9galiens d\u2019accession \u00e0 la propri\u00e9t\u00e9 \u00e0 l\u2019\u00e9preuve du d\u00e9veloppement durable<br \/>\nFran\u00e7ois-Charles BERNARD, La propri\u00e9t\u00e9 des personnes publiques\u00a0: entre valorisation et protection<br \/>\nMaryse DEGUERGUE, Domanialit\u00e9 priv\u00e9e et comp\u00e9tence administrative. Retour sur un contentieux &#8220;tourment\u00e9&#8221;<br \/>\nPatrick VITERBO et Arnaud SOUCHON, R\u00e9habilitation des sites et sols pollu\u00e9s\u00a0: nouveaux enjeux, nouveaux acteurs ?<\/p>\n<p>VI &#8211; Environnement et Urbanisme amours ombrageuses de fianc\u00e9s ind\u00e9cis<br \/>\nYves JEGOUZO, Le droit de l\u2019urbanisme, le bateau ivre ?<br \/>\nLaurent FONBAUSTIER, Principe d\u2019int\u00e9gration et \u00e9chelle de normativit\u00e9<br \/>\nChantal CANS, La protection de l\u2019environnement au risque du futur<br \/>\nFr\u00e9d\u00e9ric DEFRADAS, Le droit \u00e0 la d\u00e9livrance de l&#8217;autorisations d\u2019exploiter<br \/>\nPierre PINTAT, Les risques majeurs en droit public fran\u00e7ais<br \/>\nPatricia SAVIN et Yvon MARTINET, Enqu\u00eate publique et droit de l\u2019environnement\u00a0: ce que le Grenelle a chang\u00e9<br \/>\nMalik MEMLOUK, Entreprises et dommage \u00e9cologique<br \/>\nJuliette BRIL, La responsabilit\u00e9 environnementale de la soci\u00e9t\u00e9 m\u00e8re en cas de d\u00e9faillance de sa filiale ou la recherche d&#8217;un d\u00e9biteur solvable<br \/>\nPaul ELFASSI, Les \u00e9nergies renouvelables, levier de la d\u00e9centralisation \u00e9lectrique ?<\/p>\n","protected":false},"excerpt":{"rendered":"<p>Article paru dans les floril\u00e8ges du droit public. Recueil de M\u00e9langes en l\u2019honneur de Jean-Pierre BOIVIN Institut de Droit Public des Affaires Vingt ans de droit public au barreau de Paris Pr\u00e9face de Ronny ABRAHAM et Avant-propos par Jean-Pierre FAUG\u00c8RE\u00a0, Paris, \u00c9ditions La M\u00e9moire du Droit 2011, 16 X 24, reliure pleine toile bleue oc\u00e9an, [&hellip;]<\/p>\n","protected":false},"author":2,"featured_media":382,"comment_status":"open","ping_status":"open","sticky":false,"template":"","format":"standard","meta":{"_et_pb_use_builder":"","_et_pb_old_content":"","_et_gb_content_width":"","footnotes":""},"categories":[51,58],"tags":[],"class_list":["post-381","post","type-post","status-publish","format-standard","has-post-thumbnail","hentry","category-publications","category-travaux"],"_links":{"self":[{"href":"https:\/\/www.cossalter.net\/index.php?rest_route=\/wp\/v2\/posts\/381","targetHints":{"allow":["GET"]}}],"collection":[{"href":"https:\/\/www.cossalter.net\/index.php?rest_route=\/wp\/v2\/posts"}],"about":[{"href":"https:\/\/www.cossalter.net\/index.php?rest_route=\/wp\/v2\/types\/post"}],"author":[{"embeddable":true,"href":"https:\/\/www.cossalter.net\/index.php?rest_route=\/wp\/v2\/users\/2"}],"replies":[{"embeddable":true,"href":"https:\/\/www.cossalter.net\/index.php?rest_route=%2Fwp%2Fv2%2Fcomments&post=381"}],"version-history":[{"count":3,"href":"https:\/\/www.cossalter.net\/index.php?rest_route=\/wp\/v2\/posts\/381\/revisions"}],"predecessor-version":[{"id":384,"href":"https:\/\/www.cossalter.net\/index.php?rest_route=\/wp\/v2\/posts\/381\/revisions\/384"}],"wp:featuredmedia":[{"embeddable":true,"href":"https:\/\/www.cossalter.net\/index.php?rest_route=\/wp\/v2\/media\/382"}],"wp:attachment":[{"href":"https:\/\/www.cossalter.net\/index.php?rest_route=%2Fwp%2Fv2%2Fmedia&parent=381"}],"wp:term":[{"taxonomy":"category","embeddable":true,"href":"https:\/\/www.cossalter.net\/index.php?rest_route=%2Fwp%2Fv2%2Fcategories&post=381"},{"taxonomy":"post_tag","embeddable":true,"href":"https:\/\/www.cossalter.net\/index.php?rest_route=%2Fwp%2Fv2%2Ftags&post=381"}],"curies":[{"name":"wp","href":"https:\/\/api.w.org\/{rel}","templated":true}]}}