{"id":397,"date":"2012-10-28T14:41:35","date_gmt":"2012-10-28T14:41:35","guid":{"rendered":"http:\/\/cossalter.net\/?p=397"},"modified":"2013-02-03T13:07:58","modified_gmt":"2013-02-03T13:07:58","slug":"naissance-des-editions-juridiques-franco-allemandes","status":"publish","type":"post","link":"https:\/\/www.cossalter.net\/?p=397","title":{"rendered":"Naissance des Editions juridiques franco-allemandes"},"content":{"rendered":"<p>Le Centre juridique franco-allemand, l&#8217;association EJFA (Editions juridiques franco-allemandes) et la soci\u00e9t\u00e9\u00a0AV Akademikerverlag GmbH sont heureuses d&#8217;annoncer la naissance des Editions juridiques franco-allemandes (<a href=\"http:\/\/www.ejfa-editions.eu\" target=\"_blank\">http:\/\/www.ejfa-editions.eu<\/a>).<\/p>\n<p>Les Editions juridiques franco-allemandes (EJFA) ont pour vocation de diffuser des productions scientifiques universitaires dans le domaine du droit.<\/p>\n<p>Le nom des\u00a0EJFA\u00a0marque leur attachement aux activit\u00e9s scientifiques du Centre juridique franco-allemand (<a href=\"http:\/\/www.cjfa.de\" target=\"_blank\">CJFA<\/a>) et aux deux Chaires qui le composent, la Chaire de droit priv\u00e9 fran\u00e7ais et la Chaire de droit public fran\u00e7ais de l\u2019Universit\u00e9 de la Sarre.<br \/>\nLes\u00a0EJFA\u00a0entretiennent un lien privil\u00e9gi\u00e9 avec les revues \u00e9lectroniques Revue g\u00e9n\u00e9rale du droit (<a href=\"www.revuegeneraledudroit.eu\" target=\"_blank\">www.revuegeneraledudroit.eu<\/a>) et\u00a0BIJUS\u00a0(<a href=\"www.bijus.eu\" target=\"_blank\">www.bijus.eu<\/a>).\u00a0RGD\u00a0et\u00a0BIJUSconstitueront des collections au sein des Editions juridiques franco-allemandes.<br \/>\nLes\u00a0EJFA\u00a0n\u2019ont pas pour vocation de n\u2019accueillir que des travaux relatifs au droit compar\u00e9 franco-allemand. Les\u00a0EJFA\u00a0pourront accueillir tous travaux scientifiques en langue fran\u00e7aise et en langue allemande dans le domaine du droit, dans le prolongement de la vocation pluridisciplinaire du\u00a0CJFA\u00a0et de la Revue g\u00e9n\u00e9rale du droit.<\/p>\n<p>&nbsp;<\/p>\n<p>&nbsp;<\/p>\n","protected":false},"excerpt":{"rendered":"<p>Le Centre juridique franco-allemand, l&#8217;association EJFA (Editions juridiques franco-allemandes) et la soci\u00e9t\u00e9\u00a0AV Akademikerverlag GmbH sont heureuses d&#8217;annoncer la naissance des Editions juridiques franco-allemandes (http:\/\/www.ejfa-editions.eu). Les Editions juridiques franco-allemandes (EJFA) ont pour vocation de diffuser des productions scientifiques universitaires dans le domaine du droit. Le nom des\u00a0EJFA\u00a0marque leur attachement aux activit\u00e9s scientifiques du Centre juridique franco-allemand [&hellip;]<\/p>\n","protected":false},"author":2,"featured_media":398,"comment_status":"open","ping_status":"open","sticky":false,"template":"","format":"standard","meta":{"_et_pb_use_builder":"","_et_pb_old_content":"","_et_gb_content_width":"","footnotes":""},"categories":[14],"tags":[102,103],"class_list":["post-397","post","type-post","status-publish","format-standard","has-post-thumbnail","hentry","category-actualites","tag-editions-juridiques-franco-allemandes","tag-ejfa"],"_links":{"self":[{"href":"https:\/\/www.cossalter.net\/index.php?rest_route=\/wp\/v2\/posts\/397","targetHints":{"allow":["GET"]}}],"collection":[{"href":"https:\/\/www.cossalter.net\/index.php?rest_route=\/wp\/v2\/posts"}],"about":[{"href":"https:\/\/www.cossalter.net\/index.php?rest_route=\/wp\/v2\/types\/post"}],"author":[{"embeddable":true,"href":"https:\/\/www.cossalter.net\/index.php?rest_route=\/wp\/v2\/users\/2"}],"replies":[{"embeddable":true,"href":"https:\/\/www.cossalter.net\/index.php?rest_route=%2Fwp%2Fv2%2Fcomments&post=397"}],"version-history":[{"count":5,"href":"https:\/\/www.cossalter.net\/index.php?rest_route=\/wp\/v2\/posts\/397\/revisions"}],"predecessor-version":[{"id":438,"href":"https:\/\/www.cossalter.net\/index.php?rest_route=\/wp\/v2\/posts\/397\/revisions\/438"}],"wp:featuredmedia":[{"embeddable":true,"href":"https:\/\/www.cossalter.net\/index.php?rest_route=\/wp\/v2\/media\/398"}],"wp:attachment":[{"href":"https:\/\/www.cossalter.net\/index.php?rest_route=%2Fwp%2Fv2%2Fmedia&parent=397"}],"wp:term":[{"taxonomy":"category","embeddable":true,"href":"https:\/\/www.cossalter.net\/index.php?rest_route=%2Fwp%2Fv2%2Fcategories&post=397"},{"taxonomy":"post_tag","embeddable":true,"href":"https:\/\/www.cossalter.net\/index.php?rest_route=%2Fwp%2Fv2%2Ftags&post=397"}],"curies":[{"name":"wp","href":"https:\/\/api.w.org\/{rel}","templated":true}]}}