{"id":520,"date":"2014-09-12T22:00:16","date_gmt":"2014-09-12T22:00:16","guid":{"rendered":"http:\/\/cossalter.net\/?p=520"},"modified":"2015-01-03T17:28:20","modified_gmt":"2015-01-03T17:28:20","slug":"parution-de-la-2de-edition-du-droit-administratif-francais","status":"publish","type":"post","link":"https:\/\/www.cossalter.net\/?p=520","title":{"rendered":"Parution de la 2de \u00e9dition du Droit administratif fran\u00e7ais"},"content":{"rendered":"<p>Vient de para\u00eetre, aux Edition juridiques franco-allemandes, la seconde \u00e9dition du Droit administratif fran\u00e7ais de Pierre Tifine.<\/p>\n<p>L&#8217;ouvrage para\u00eet dans la collection &#8220;Revue g\u00e9n\u00e9rale du droit&#8221; (<a href=\"http:\/\/www.revuegeneraledudroit.eu\" target=\"_blank\">www.revuegeneraledudroit.eu<\/a>), s\u00e9rie Manuels.<\/p>\n<p>Comme le pr\u00e9c\u00e9dent opus, le livre sera disponible sur la RGD apr\u00e8s un embargo d&#8217;un an.<\/p>\n<p>L&#8217;ouvrage peut \u00eatre acquis sur la plateforme MoreBooks!\u00a0<a style=\"color: #3b5998;\" href=\"https:\/\/www.morebooks.de\/store\/fr\/book\/droit-administratif-fran%C3%A7ais\/isbn\/978-3-639-56001-5\" target=\"_blank\" rel=\"nofollow nofollow\">https:\/\/www.morebooks.de\/store\/fr\/book\/droit-administratif-fran\u00e7ais\/isbn\/978-3-639-56001-5<\/a><\/p>\n","protected":false},"excerpt":{"rendered":"<p>Vient de para\u00eetre, aux Edition juridiques franco-allemandes, la seconde \u00e9dition du Droit administratif fran\u00e7ais de Pierre Tifine. L&#8217;ouvrage para\u00eet dans la collection &#8220;Revue g\u00e9n\u00e9rale du droit&#8221; (www.revuegeneraledudroit.eu), s\u00e9rie Manuels. Comme le pr\u00e9c\u00e9dent opus, le livre sera disponible sur la RGD apr\u00e8s un embargo d&#8217;un an. L&#8217;ouvrage peut \u00eatre acquis sur la plateforme MoreBooks!\u00a0https:\/\/www.morebooks.de\/store\/fr\/book\/droit-administratif-fran\u00e7ais\/isbn\/978-3-639-56001-5<\/p>\n","protected":false},"author":2,"featured_media":521,"comment_status":"open","ping_status":"open","sticky":false,"template":"","format":"standard","meta":{"_et_pb_use_builder":"","_et_pb_old_content":"","_et_gb_content_width":"","footnotes":""},"categories":[14],"tags":[],"class_list":["post-520","post","type-post","status-publish","format-standard","has-post-thumbnail","hentry","category-actualites"],"_links":{"self":[{"href":"https:\/\/www.cossalter.net\/index.php?rest_route=\/wp\/v2\/posts\/520","targetHints":{"allow":["GET"]}}],"collection":[{"href":"https:\/\/www.cossalter.net\/index.php?rest_route=\/wp\/v2\/posts"}],"about":[{"href":"https:\/\/www.cossalter.net\/index.php?rest_route=\/wp\/v2\/types\/post"}],"author":[{"embeddable":true,"href":"https:\/\/www.cossalter.net\/index.php?rest_route=\/wp\/v2\/users\/2"}],"replies":[{"embeddable":true,"href":"https:\/\/www.cossalter.net\/index.php?rest_route=%2Fwp%2Fv2%2Fcomments&post=520"}],"version-history":[{"count":6,"href":"https:\/\/www.cossalter.net\/index.php?rest_route=\/wp\/v2\/posts\/520\/revisions"}],"predecessor-version":[{"id":536,"href":"https:\/\/www.cossalter.net\/index.php?rest_route=\/wp\/v2\/posts\/520\/revisions\/536"}],"wp:featuredmedia":[{"embeddable":true,"href":"https:\/\/www.cossalter.net\/index.php?rest_route=\/wp\/v2\/media\/521"}],"wp:attachment":[{"href":"https:\/\/www.cossalter.net\/index.php?rest_route=%2Fwp%2Fv2%2Fmedia&parent=520"}],"wp:term":[{"taxonomy":"category","embeddable":true,"href":"https:\/\/www.cossalter.net\/index.php?rest_route=%2Fwp%2Fv2%2Fcategories&post=520"},{"taxonomy":"post_tag","embeddable":true,"href":"https:\/\/www.cossalter.net\/index.php?rest_route=%2Fwp%2Fv2%2Ftags&post=520"}],"curies":[{"name":"wp","href":"https:\/\/api.w.org\/{rel}","templated":true}]}}