{"id":543,"date":"2015-01-04T14:00:25","date_gmt":"2015-01-04T14:00:25","guid":{"rendered":"http:\/\/cossalter.net\/?p=543"},"modified":"2015-01-04T16:58:15","modified_gmt":"2015-01-04T16:58:15","slug":"lucy-est-notre-mere-a-tous","status":"publish","type":"post","link":"https:\/\/www.cossalter.net\/?p=543","title":{"rendered":"Lucy est notre m\u00e8re \u00e0 tous"},"content":{"rendered":"<p style=\"text-align: justify;\">Complexe de classe, j&#8217;ai toujours trouv\u00e9 ridicules ceux qui, pourvus d&#8217;une particule et de quartiers de noblesse, affirment que leur nom et leur &#8220;famille&#8221; remonteraient \u00e0 Saint-Louis ou font r\u00e9f\u00e9rence \u00e0 de lointains anc\u00eatres. Comme si nous, je veux dire la pl\u00e8be, \u00e9tions issus de g\u00e9n\u00e9ration spontan\u00e9e ou d&#8217;un accident g\u00e9n\u00e9tique. Nous remontons tous \u00e0 Lucy et toutes les familles sont aussi anciennes les unes que les autres.<\/p>\n<p style=\"text-align: justify;\">Mais puisque nous sommes tous p\u00e9tris de contradictions, je n&#8217;ai pas pu ne pas \u00eatre submerg\u00e9 de fiert\u00e9 lorsque j&#8217;ai d\u00e9couvert que les Cossalter avaient un blason.<\/p>\n<p style=\"text-align: justify;\">L&#8217;origine de ce blason reste myst\u00e9rieuse. Son statut le reste aussi \u00e0 mes yeux : est-il attach\u00e9 \u00e0 une &#8220;branche&#8221; de la famille, ou \u00e0 toutes les familles voire tous les indi<img loading=\"lazy\" decoding=\"async\" class=\" size-medium wp-image-545 alignright\" src=\"http:\/\/cossalter.net\/wp-content\/uploads\/2015\/01\/BLASON_couleur-298x300.jpg\" alt=\"BLASON_couleur\" width=\"298\" height=\"300\" srcset=\"https:\/\/www.cossalter.net\/wp-content\/uploads\/2015\/01\/BLASON_couleur-298x300.jpg 298w, https:\/\/www.cossalter.net\/wp-content\/uploads\/2015\/01\/BLASON_couleur-150x150.jpg 150w, https:\/\/www.cossalter.net\/wp-content\/uploads\/2015\/01\/BLASON_couleur-1017x1024.jpg 1017w, https:\/\/www.cossalter.net\/wp-content\/uploads\/2015\/01\/BLASON_couleur-100x100.jpg 100w, https:\/\/www.cossalter.net\/wp-content\/uploads\/2015\/01\/BLASON_couleur-144x144.jpg 144w, https:\/\/www.cossalter.net\/wp-content\/uploads\/2015\/01\/BLASON_couleur-900x907.jpg 900w, https:\/\/www.cossalter.net\/wp-content\/uploads\/2015\/01\/BLASON_couleur.jpg 1936w\" sizes=\"(max-width: 298px) 100vw, 298px\" \/>vidus portant notre nom ?<\/p>\n<p style=\"text-align: justify;\">Certains \u00e9l\u00e9ments sont certains et je les livrerai, m\u00eame s&#8217;ils ne sont pas tous pr\u00e9cis\u00e9ment document\u00e9s.<\/p>\n<h2 style=\"text-align: justify;\">Etre bourgeois n&#8217;est pas mal d\u00e9j\u00e0<\/h2>\n<p style=\"text-align: justify;\">Premier \u00e9l\u00e9ment, tous les Cossalter semblent venir\u00a0de Feltre, petite ville universitaire du nord de la v\u00e9n\u00e9tie. Mais (et c&#8217;est plus une intuition qu&#8217;un fait prouv\u00e9) Cossalter est un nom autrichien.<\/p>\n<p style=\"text-align: justify;\">Second \u00e9l\u00e9ment, un lieu-dit situ\u00e9 \u00e0 quelques kilom\u00e8tres de Feltre s&#8217;appelle Cossalter. Il est plus pr\u00e9cis\u00e9ment situ\u00e9 pr\u00e8s de Cesiomaggiore. Nous l&#8217;avons rep\u00e9r\u00e9 sur une carte d&#8217;\u00e9tat-major de l&#8217;arm\u00e9e am\u00e9ricaine. Il n&#8217;en reste que quelques ruines fortifi\u00e9es au bout d&#8217;un chemin de terre. Mais Wikipedia nous dit que s&#8217;y trouve une \u00e9glise &#8220;Chiesa di San Vendemiano&#8221;.<\/p>\n<p style=\"text-align: justify;\">Troisi\u00e8me \u00e9l\u00e9ment, notre grand-p\u00e8re, qui n&#8217;\u00e9tait pas bien fortun\u00e9, a toujours pr\u00e9tendu que notre famille poss\u00e9dait \u00e0 sa naissance (1895) l&#8217;h\u00f4tel Dorigussi, le b\u00e2timent priv\u00e9 le plus imposant de Feltre.<\/p>\n<p style=\"text-align: justify;\">Une chose est s\u00fbre donc les Cossalter ont un pass\u00e9 glorieux, avant qu&#8217;une rapide d\u00e9ch\u00e9ance, sanctionn\u00e9e par une \u00e9migration massive, ne les disperse (cependant la consultation de l&#8217;annuaire t\u00e9l\u00e9phonique de Feltre en 1992 nous a montr\u00e9 la pr\u00e9sence de plus de 50 abonn\u00e9s portant\u00a0ce nom).<\/p>\n<p style=\"text-align: justify;\">Quatri\u00e8me \u00e9l\u00e9ment, le droit de porter blason a \u00e9t\u00e9 octroy\u00e9 \u00e0 la famille bourgeoise Cossalter par Victor Emmanuel Roi d&#8217;Italie, \u00e0 une date que nous n&#8217;avons pas conserv\u00e9e (1885 d&#8217;apr\u00e8s nos souvenirs). Il existe une sorte de document (nous sommes tr\u00e8s inculte dans ces mati\u00e8res), qui peut \u00eatre reproduit\u00a0pour une tr\u00e8s forte somme par les Archives Nationales de Florence, rappelant les conditions de cette concession.<\/p>\n<p style=\"text-align: justify;\">Ce document semble prouver\u00a0que les Cossalter ne sont pas une famille noble. Une recherche dans les dictionnaires de la noblesse v\u00e9nitienne r\u00e9alis\u00e9e dans quelques librairies de Venise renforce ce constat.<\/p>\n<p style=\"text-align: justify;\">Certains \u00e9l\u00e9ments troublants montrent cependant des liens \u00e9vidents avec d&#8217;autres familles italiennes, indiscutablement nobles.<\/p>\n<p style=\"text-align: justify;\">Notre hypoth\u00e8se est qu&#8217;au moment de composer leur blason, les Cossalter ont puis\u00e9 dans les armoriaux des familles nobles italiennes aux consonnances proches. Une autre hypoth\u00e8se, d\u00e9fendue par notre M\u00e8re, est que nous descendrions en ligne directe d&#8217;une de ces\u00a0familles (les Cossa). Je serais ainsi un descendant direct de Baldassare Cossa, l&#8217;anti-pape Jean XXIII (v. <em>infra<\/em>). L&#8217;hypoth\u00e8se me semble d\u00e9licate \u00e0 soutenir.<\/p>\n<h2 style=\"text-align: justify;\">Sempre in gamba<\/h2>\n<p style=\"text-align: justify;\">D&#8217;azur \u00e0 la fasce de gueules, le premier aux trois \u00e9toiles mal ordonn\u00e9es d&#8217;or, le second \u00e0 la jambe de carnation (tentative personnelle de blasonnement).<\/p>\n<p style=\"text-align: justify;\"><a href=\"http:\/\/cossalter.net\/wp-content\/uploads\/2015\/01\/Stemma_famiglia_Coscia.jpg\"><img loading=\"lazy\" decoding=\"async\" class=\"alignleft size-full wp-image-552\" src=\"http:\/\/cossalter.net\/wp-content\/uploads\/2015\/01\/Stemma_famiglia_Coscia.jpg\" alt=\"Stemma_famiglia_Coscia\" width=\"144\" height=\"198\" \/><\/a>Dans cette histoire, la jambe est importante. En h\u00e9raldique italienne, &#8220;jambe&#8221; se dit &#8220;coscia&#8221;. Coscia est le nom d&#8217;une tr\u00e8s ancienne famille napolitaine : les Coscia ou Cossa. Le plus c\u00e9l\u00e8bre rejeton est Baldassare Cossa, anti-pape connu sous le nom de Giovanni XXIII (Jean XXIII).<\/p>\n<p style=\"text-align: justify;\">La jambe des Cossa est d&#8217;or, celle des Cossalter (Cossa &#8211; Alter, les autres Cossa ?) est de carnation.<\/p>\n<p style=\"text-align: justify;\">Une recherche le\u00a0&#8220;Dizionario storico-blasonico delle famiglie nobili e notabili italiane, estinte e fiorenti&#8221; de G. B. Di Crollanza (Arnaldo Forni Editore)\u00a0reproduit dans l&#8217;Internet\u00a0Archive (http:\/\/archive.org\/details\/dizionariostoric01crol) (nous n&#8217;avons pas encore consult\u00e9 la version papier), permet de d\u00e9couvrir une autre famille, les Cossali de V\u00e9rone.<\/p>\n<p style=\"text-align: justify;\">Voici ce qu&#8217;en dit le dictionnaire :<\/p>\n<blockquote>\n<p style=\"text-align: justify;\">Nel 1517 ottenne dalla Veneta Repubblica il titolo comitale, e nel 1783 fu aggregata al nobile Consiglio Veronese. \u2014 Un ramo di questa famiglia nel 1671 fu dal Veneto Senato insignito dei titoli di nobile e conte di Villaperta e di Castolnuovo. \u2014 Pietro, dell&#8217;ordine dei Teatini, insigne (Mi I toro dello scienze matematiche. \u2014 Arma: Spaccato ondato; nel 1.\u00b0 d&#8217;azzurro, a tre gigli male ordinati d&#8217;oro; nel 2.&#8221; di rosso, ad una gamba umana di carnagione rivolta; con la fascia ondata d&#8217;argento attraversante sullo spaccato.<\/p>\n<\/blockquote>\n<p style=\"text-align: justify;\">Le blason des Cossali contient \u00e9galement une jambe &#8220;rivolta&#8221; donc probablement tourn\u00e9e vers la droite.<\/p>\n<p style=\"text-align: justify;\">De ces &#8220;indices&#8221;, nous ne pouvons d\u00e9duire autre chose pensons-nous que le fait que les Cossalter ont puis\u00e9 l&#8217;inspiration de leur blason d&#8217;exemples illustres, en premier lieu des Coscia de Naples.<\/p>\n<p style=\"text-align: justify;\">Restent myt\u00e9rieuses les circonstances de cette distinction octroy\u00e9e par le Roi d&#8217;Italie. Les archives de la commune de Feltre, et la m\u00e9moire collective permettront de renouer les fils de ce myst\u00e8re d\u00e9cousu. Nous pensons qu&#8217;il y a mati\u00e8re un un roman balsacien car il est probable que c&#8217;est par une quelconque vill\u00e9nie d&#8217;une partie de la famille vis-\u00e0-vis d&#8217;une autre que la fortune (mat\u00e9rielle et historique) qui fut probablement la n\u00f4tre a subitement disparu d\u00e8s le d\u00e9but du XX\u00e8me si\u00e8cle.<\/p>\n<h2 style=\"text-align: justify;\">Documents d&#8217;int\u00e9r\u00eat<\/h2>\n<p style=\"text-align: justify;\">[gview file=&#8221;http:\/\/cossalter.net\/wp-content\/uploads\/2015\/01\/86241.pdf&#8221;]<\/p>\n","protected":false},"excerpt":{"rendered":"<p>Complexe de classe, j&#8217;ai toujours trouv\u00e9 ridicules ceux qui, pourvus d&#8217;une particule et de quartiers de noblesse, affirment que leur nom et leur &#8220;famille&#8221; remonteraient \u00e0 Saint-Louis ou font r\u00e9f\u00e9rence \u00e0 de lointains anc\u00eatres. Comme si nous, je veux dire la pl\u00e8be, \u00e9tions issus de g\u00e9n\u00e9ration spontan\u00e9e ou d&#8217;un accident g\u00e9n\u00e9tique. Nous remontons tous \u00e0 [&hellip;]<\/p>\n","protected":false},"author":2,"featured_media":544,"comment_status":"open","ping_status":"open","sticky":false,"template":"","format":"standard","meta":{"_et_pb_use_builder":"","_et_pb_old_content":"","_et_gb_content_width":"","footnotes":""},"categories":[107],"tags":[],"class_list":["post-543","post","type-post","status-publish","format-standard","has-post-thumbnail","hentry","category-vagor"],"_links":{"self":[{"href":"https:\/\/www.cossalter.net\/index.php?rest_route=\/wp\/v2\/posts\/543","targetHints":{"allow":["GET"]}}],"collection":[{"href":"https:\/\/www.cossalter.net\/index.php?rest_route=\/wp\/v2\/posts"}],"about":[{"href":"https:\/\/www.cossalter.net\/index.php?rest_route=\/wp\/v2\/types\/post"}],"author":[{"embeddable":true,"href":"https:\/\/www.cossalter.net\/index.php?rest_route=\/wp\/v2\/users\/2"}],"replies":[{"embeddable":true,"href":"https:\/\/www.cossalter.net\/index.php?rest_route=%2Fwp%2Fv2%2Fcomments&post=543"}],"version-history":[{"count":11,"href":"https:\/\/www.cossalter.net\/index.php?rest_route=\/wp\/v2\/posts\/543\/revisions"}],"predecessor-version":[{"id":560,"href":"https:\/\/www.cossalter.net\/index.php?rest_route=\/wp\/v2\/posts\/543\/revisions\/560"}],"wp:featuredmedia":[{"embeddable":true,"href":"https:\/\/www.cossalter.net\/index.php?rest_route=\/wp\/v2\/media\/544"}],"wp:attachment":[{"href":"https:\/\/www.cossalter.net\/index.php?rest_route=%2Fwp%2Fv2%2Fmedia&parent=543"}],"wp:term":[{"taxonomy":"category","embeddable":true,"href":"https:\/\/www.cossalter.net\/index.php?rest_route=%2Fwp%2Fv2%2Fcategories&post=543"},{"taxonomy":"post_tag","embeddable":true,"href":"https:\/\/www.cossalter.net\/index.php?rest_route=%2Fwp%2Fv2%2Ftags&post=543"}],"curies":[{"name":"wp","href":"https:\/\/api.w.org\/{rel}","templated":true}]}}