{"id":675,"date":"2016-12-18T23:29:25","date_gmt":"2016-12-18T23:29:25","guid":{"rendered":"http:\/\/cossalter.net\/?p=675"},"modified":"2016-12-18T23:37:37","modified_gmt":"2016-12-18T23:37:37","slug":"60-ans-dinfluences-juridiques-reciproques-franco-allemandes-jubile-des-60-ans-du-centre-juridique-franco-allemand-universite-de-la-sarre","status":"publish","type":"post","link":"https:\/\/www.cossalter.net\/?p=675","title":{"rendered":"60 ans d&#8217;influences juridiques r\u00e9ciproques franco-allemandes &#8211; Jubil\u00e9 des 60 ans du Centre Juridique Franco-Allemand, Universit\u00e9 de la Sarre"},"content":{"rendered":"<p style=\"text-align: justify;\"><a href=\"http:\/\/cossalter.net\/wp-content\/uploads\/2016\/12\/60-ans-d-influences-juridiques-reciproques-franco-allemandes-9782365170642.jpg\"><img loading=\"lazy\" decoding=\"async\" class=\" size-medium wp-image-676 alignleft\" src=\"http:\/\/cossalter.net\/wp-content\/uploads\/2016\/12\/60-ans-d-influences-juridiques-reciproques-franco-allemandes-9782365170642-201x300.jpg\" alt=\"60-ans-d-influences-juridiques-reciproques-franco-allemandes-9782365170642\" width=\"201\" height=\"300\" srcset=\"https:\/\/www.cossalter.net\/wp-content\/uploads\/2016\/12\/60-ans-d-influences-juridiques-reciproques-franco-allemandes-9782365170642-201x300.jpg 201w, https:\/\/www.cossalter.net\/wp-content\/uploads\/2016\/12\/60-ans-d-influences-juridiques-reciproques-franco-allemandes-9782365170642.jpg 468w\" sizes=\"(max-width: 201px) 100vw, 201px\" \/><\/a>Le Centre juridique franco-allemand, anciennement Centre d&#8217;\u00e9tudes juridiques fran\u00e7aises, a \u00e9t\u00e9 fond\u00e9 en 1955, l&#8217;ann\u00e9e du r\u00e9f\u00e9rendum sarrois qui devait sceller le retour de la Sarre dans le giron de l&#8217;Allemagne. La lev\u00e9e de la question sarroise qui envenimait les relations entre la R\u00e9publique fran\u00e7aise et la jeune R\u00e9publique f\u00e9d\u00e9rale allemande allait entra\u00eener un r\u00e9chauffement des relations entre les deux pays. Ce climat \u00e9tait propice \u00e0 une intensification des \u00e9changes culturels, y compris dans le domaine juridique. Le dialogue juridique franco-allemand devrait conna\u00eetre tout naturellement une dynamique nouvelle dans le cadre de l&#8217;approfondissement de la construction europ\u00e9enne.<br \/>\nLe jubil\u00e9 du Centre juridique franco-allemand c\u00e9l\u00e9br\u00e9 les 15 et 16 octobre 2015 \u00e0 l&#8217;Universit\u00e9 de la Sarre a \u00e9t\u00e9 l&#8217;occasion de dresser un bilan des influences juridiques r\u00e9ciproques qui ont ainsi pu na\u00eetre du dialogue franco-allemand au cours des soixante ans \u00e9coul\u00e9s. Elles ont conduit \u00e0 diverses convergences l\u00e9gislatives, d&#8217;intensit\u00e9 variable, ou favoris\u00e9 de nombreux rapprochements doctrinaux. Parfois, l&#8217;influence s&#8217;est limit\u00e9e au simple d\u00e9clenchement d&#8217;une r\u00e9forme, sans affecter son contenu, en encourageant le l\u00e9gislateur \u00e0 r\u00e9nover son droit. L&#8217;on peut inclure dans les influences les hypoth\u00e8ses o\u00f9 le droit du pays voisin a \u00e9t\u00e9 invoqu\u00e9 \u00e0 titre de contre-exemple, en vue de favoriser une solution oppos\u00e9e.<br \/>\nLe pr\u00e9sent ouvrage rassemble les communications illustrant ces ph\u00e9nom\u00e8nes prot\u00e9iformes en droit priv\u00e9, en droit public et en droit p\u00e9nal. Il \u00e9claire \u00e9galement le riche pass\u00e9 du Centre juridique franco-allemand, tout en dessinant de nouvelles \u00e9volutions prometteuses pour la plus ancienne des institutions universitaires de coop\u00e9ration franco-allemande dans le domaine juridique.<\/p>\n<p><i>Ont contribu\u00e9 au pr\u00e9sent ouvrage : Ulrike Babusiaux, Philippe Cossalter, Michel Fromont, Fran\u00e7oise Furkel, Aurore Gaillet, Thomas Hochmann, Rainer Hudemann, Heike Jung, Andr\u00e9 Legrand, Francis Limbach, Liliane Nau, Ulrich Stelkens, Julien Walther, Claude Witz.<\/i><\/p>\n","protected":false},"excerpt":{"rendered":"<p>Le Centre juridique franco-allemand, anciennement Centre d&#8217;\u00e9tudes juridiques fran\u00e7aises, a \u00e9t\u00e9 fond\u00e9 en 1955, l&#8217;ann\u00e9e du r\u00e9f\u00e9rendum sarrois qui devait sceller le retour de la Sarre dans le giron de l&#8217;Allemagne. La lev\u00e9e de la question sarroise qui envenimait les relations entre la R\u00e9publique fran\u00e7aise et la jeune R\u00e9publique f\u00e9d\u00e9rale allemande allait entra\u00eener un r\u00e9chauffement [&hellip;]<\/p>\n","protected":false},"author":2,"featured_media":676,"comment_status":"open","ping_status":"open","sticky":false,"template":"","format":"standard","meta":{"_et_pb_use_builder":"","_et_pb_old_content":"","_et_gb_content_width":"","footnotes":""},"categories":[14,52],"tags":[],"class_list":["post-675","post","type-post","status-publish","format-standard","has-post-thumbnail","hentry","category-actualites","category-publications_nouvelles"],"_links":{"self":[{"href":"https:\/\/www.cossalter.net\/index.php?rest_route=\/wp\/v2\/posts\/675","targetHints":{"allow":["GET"]}}],"collection":[{"href":"https:\/\/www.cossalter.net\/index.php?rest_route=\/wp\/v2\/posts"}],"about":[{"href":"https:\/\/www.cossalter.net\/index.php?rest_route=\/wp\/v2\/types\/post"}],"author":[{"embeddable":true,"href":"https:\/\/www.cossalter.net\/index.php?rest_route=\/wp\/v2\/users\/2"}],"replies":[{"embeddable":true,"href":"https:\/\/www.cossalter.net\/index.php?rest_route=%2Fwp%2Fv2%2Fcomments&post=675"}],"version-history":[{"count":3,"href":"https:\/\/www.cossalter.net\/index.php?rest_route=\/wp\/v2\/posts\/675\/revisions"}],"predecessor-version":[{"id":679,"href":"https:\/\/www.cossalter.net\/index.php?rest_route=\/wp\/v2\/posts\/675\/revisions\/679"}],"wp:featuredmedia":[{"embeddable":true,"href":"https:\/\/www.cossalter.net\/index.php?rest_route=\/wp\/v2\/media\/676"}],"wp:attachment":[{"href":"https:\/\/www.cossalter.net\/index.php?rest_route=%2Fwp%2Fv2%2Fmedia&parent=675"}],"wp:term":[{"taxonomy":"category","embeddable":true,"href":"https:\/\/www.cossalter.net\/index.php?rest_route=%2Fwp%2Fv2%2Fcategories&post=675"},{"taxonomy":"post_tag","embeddable":true,"href":"https:\/\/www.cossalter.net\/index.php?rest_route=%2Fwp%2Fv2%2Ftags&post=675"}],"curies":[{"name":"wp","href":"https:\/\/api.w.org\/{rel}","templated":true}]}}