{"id":688,"date":"2025-09-15T06:11:00","date_gmt":"2025-09-15T06:11:00","guid":{"rendered":"http:\/\/cossalter.net\/?p=688"},"modified":"2026-01-16T12:29:31","modified_gmt":"2026-01-16T12:29:31","slug":"cours-internationalisation-du-droit-administratif","status":"publish","type":"post","link":"https:\/\/www.cossalter.net\/?p=688","title":{"rendered":"Droit administratif compar\u00e9 &#8211; 2025-2026"},"content":{"rendered":"\n[et_pb_section fb_built=&#8221;1&#8243; admin_label=&#8221;section&#8221; _builder_version=&#8221;4.16&#8243; global_colors_info=&#8221;{}&#8221;][et_pb_row admin_label=&#8221;row&#8221; _builder_version=&#8221;4.16&#8243; background_size=&#8221;initial&#8221; background_position=&#8221;top_left&#8221; background_repeat=&#8221;repeat&#8221; global_colors_info=&#8221;{}&#8221;][et_pb_column type=&#8221;4_4&#8243; _builder_version=&#8221;4.16&#8243; custom_padding=&#8221;|||&#8221; global_colors_info=&#8221;{}&#8221; custom_padding__hover=&#8221;|||&#8221;][et_pb_text admin_label=&#8221;Text&#8221; _builder_version=&#8221;4.27.5&#8243; background_size=&#8221;initial&#8221; background_position=&#8221;top_left&#8221; background_repeat=&#8221;repeat&#8221; hover_enabled=&#8221;0&#8243; global_colors_info=&#8221;{}&#8221; sticky_enabled=&#8221;0&#8243;]<p style=\"text-align: center;\"><strong>\u00a0Prof. Dr. Philippe Cossalter, Directeur du Centre juridique franco-allemand, Chaire de droit public fran\u00e7ais.<\/strong><\/p>\n<p style=\"text-align: center;\"><strong>Cours en Master 2 Droit public compar\u00e9, Universit\u00e9 Paris Panth\u00e9on-Assas\u00a0<\/strong><\/p>\n<p style=\"text-align: center;\"><strong>2025-2026<\/strong><\/p>\n<blockquote>\n<p>Aller \u00e0 la <a href=\"http:\/\/cossalter.net\/?p=829\">page de t\u00e9l\u00e9chargement des supports documentaires<\/a><\/p>\n<\/blockquote>\n<p style=\"text-align: justify;\">Le cours de droit administratif compar\u00e9, de 25 heures, sera assur\u00e9 pour moiti\u00e9 par Thomas Perroud et pour moiti\u00e9 par moi-m\u00eame.<\/p>\n<p style=\"text-align: justify;\">Compos\u00e9e de 12 h 30 de le\u00e7ons, ce cours permettra d&#8217;aborder en deux grands modules huit le\u00e7ons d&#8217;une heure et demie chacune.<\/p>\n<p style=\"text-align: justify;\">Je pr\u00e9vois de faire trois interventions de 4 heures ou 4 heures 30 chacune.<\/p>\n<p style=\"text-align: justify;\">Chaque le\u00e7on sera pr\u00e9c\u00e9d\u00e9e de conseils de lecture.<\/p>\n<p style=\"text-align: justify;\"><strong>I. Module 1 : Les doctrines contemporaines du droit administratif compar\u00e9<\/strong><\/p>\n<p style=\"text-align: justify;\">Le\u00e7on 1. Le droit international administratif et le droit administratif international.<\/p>\n<p style=\"text-align: justify;\">Le\u00e7on 2.\u00a0 Le droit administratif global.<\/p>\n<p style=\"text-align: justify;\">Le\u00e7on 3. Le droit administratif europ\u00e9en.<\/p>\n<p style=\"text-align: justify;\">Le\u00e7on 4. Le droit administratif transnational.<\/p>\n<p style=\"text-align: justify;\"><strong>II. Module 2. L&#8217;internationalisation des contentieux de l&#8217;administration\u00a0<\/strong><\/p>\n<p style=\"text-align: justify;\">Le\u00e7on 5. L&#8217;Etat et le droit international priv\u00e9<\/p>\n<p style=\"text-align: justify;\">Le\u00e7on 6. L&#8217;Etat et l&#8217;arbitrage international.<\/p>\n<p>&nbsp;<\/p>[\/et_pb_text][\/et_pb_column][\/et_pb_row][\/et_pb_section]\n","protected":false},"excerpt":{"rendered":"<p>Supports pour le cours de droit administratif compar\u00e9 du Master 2 de Droit public compar\u00e9. Universit\u00e9 Paris Panth\u00e9on-Assas. <\/p>\n","protected":false},"author":2,"featured_media":775,"comment_status":"open","ping_status":"open","sticky":false,"template":"","format":"standard","meta":{"_et_pb_use_builder":"on","_et_pb_old_content":"","_et_gb_content_width":"","footnotes":""},"categories":[14],"tags":[],"class_list":["post-688","post","type-post","status-publish","format-standard","has-post-thumbnail","hentry","category-actualites"],"_links":{"self":[{"href":"https:\/\/www.cossalter.net\/index.php?rest_route=\/wp\/v2\/posts\/688","targetHints":{"allow":["GET"]}}],"collection":[{"href":"https:\/\/www.cossalter.net\/index.php?rest_route=\/wp\/v2\/posts"}],"about":[{"href":"https:\/\/www.cossalter.net\/index.php?rest_route=\/wp\/v2\/types\/post"}],"author":[{"embeddable":true,"href":"https:\/\/www.cossalter.net\/index.php?rest_route=\/wp\/v2\/users\/2"}],"replies":[{"embeddable":true,"href":"https:\/\/www.cossalter.net\/index.php?rest_route=%2Fwp%2Fv2%2Fcomments&post=688"}],"version-history":[{"count":24,"href":"https:\/\/www.cossalter.net\/index.php?rest_route=\/wp\/v2\/posts\/688\/revisions"}],"predecessor-version":[{"id":1671,"href":"https:\/\/www.cossalter.net\/index.php?rest_route=\/wp\/v2\/posts\/688\/revisions\/1671"}],"wp:featuredmedia":[{"embeddable":true,"href":"https:\/\/www.cossalter.net\/index.php?rest_route=\/wp\/v2\/media\/775"}],"wp:attachment":[{"href":"https:\/\/www.cossalter.net\/index.php?rest_route=%2Fwp%2Fv2%2Fmedia&parent=688"}],"wp:term":[{"taxonomy":"category","embeddable":true,"href":"https:\/\/www.cossalter.net\/index.php?rest_route=%2Fwp%2Fv2%2Fcategories&post=688"},{"taxonomy":"post_tag","embeddable":true,"href":"https:\/\/www.cossalter.net\/index.php?rest_route=%2Fwp%2Fv2%2Ftags&post=688"}],"curies":[{"name":"wp","href":"https:\/\/api.w.org\/{rel}","templated":true}]}}